{"id":363,"date":"2024-06-04T01:44:16","date_gmt":"2024-06-03T23:44:16","guid":{"rendered":"https:\/\/lydiamillsmusica.com\/?p=363"},"modified":"2024-06-04T01:44:16","modified_gmt":"2024-06-03T23:44:16","slug":"felicitaciones-a-los-profesores-de-musica-en-chile","status":"publish","type":"post","link":"https:\/\/lydiamillsmusica.com\/en\/felicitaciones-a-los-profesores-de-musica-en-chile\/","title":{"rendered":"Congratulations to music teachers in Chile"},"content":{"rendered":"<p>This training course was aimed at music teachers who wanted to deepen their knowledge of music education using the Kod\u00e1ly approach. \ud83d\udc69\ud83c\udffc\u200d\ud83c\udfeb\ud83c\udfb6<\/p>\n\n\n\n<p>In addition to learning about the philosophy behind the great master Kod\u00e1ly, the strategies, and the tools necessary to be a good music teacher, the teachers also received training in music theory and choral conducting. \ud83d\ude4c\ud83c\udffc<br>They participated in the choir, conducted by two teachers who used the same Kod\u00e1ly strategies to plan their rehearsals and achieve excellent results in a short time. \u2728<\/p>\n\n\n\n<p>The course lasted two weeks, and each year two \"levels\" are offered, either Level 1 and 2 or Level 1 and 3. \ud83d\udc69\ud83c\udffc\u200d\ud83c\udfeb\ud83d\udcab<\/p>\n\n\n\n<p>Congratulations to the teachers for the excellent cycle we had\ud83c\udfb5<br><a href=\"https:\/\/www.instagram.com\/explore\/tags\/kod%C3%A1ly\/\">#Kod\u00e1ly<\/a><a href=\"https:\/\/www.instagram.com\/explore\/tags\/clasesdemusica\/\">#musicclasses<\/a><a href=\"https:\/\/www.instagram.com\/explore\/tags\/educaci%C3%B3nmusical\/\">#MusicEducation<\/a><\/p>","protected":false},"excerpt":{"rendered":"<p>Este curso de formaci\u00f3n estuvo dirigido a profesores de m\u00fasica cuyo objetivo era profundizarse en la educaci\u00f3n musical con el enfoque Kod\u00e1ly. \ud83d\udc69\ud83c\udffc\u200d\ud83c\udfeb\ud83c\udfb6 Los profesores adem\u00e1s de conocer la filosof\u00eda tr\u00e1s el gran maestro Kod\u00e1ly, las estrategias y herramientas necesarias para ser un buen profesor de m\u00fasica, tambi\u00e9n recibieron una capacitaci\u00f3n en lenguaje musical y [&hellip;]<\/p>\n","protected":false},"author":1,"featured_media":364,"comment_status":"open","ping_status":"open","sticky":false,"template":"","format":"standard","meta":{"_acf_changed":false,"_jetpack_memberships_contains_paid_content":false,"footnotes":""},"categories":[1],"tags":[],"class_list":["post-363","post","type-post","status-publish","format-standard","has-post-thumbnail","hentry","category-sin-categoria"],"acf":[],"jetpack_featured_media_url":"https:\/\/lydiamillsmusica.com\/wp-content\/uploads\/2024\/06\/profesores-de-musica-en-Chile-min-scaled.jpg","jetpack_sharing_enabled":true,"_links":{"self":[{"href":"https:\/\/lydiamillsmusica.com\/en\/wp-json\/wp\/v2\/posts\/363","targetHints":{"allow":["GET"]}}],"collection":[{"href":"https:\/\/lydiamillsmusica.com\/en\/wp-json\/wp\/v2\/posts"}],"about":[{"href":"https:\/\/lydiamillsmusica.com\/en\/wp-json\/wp\/v2\/types\/post"}],"author":[{"embeddable":true,"href":"https:\/\/lydiamillsmusica.com\/en\/wp-json\/wp\/v2\/users\/1"}],"replies":[{"embeddable":true,"href":"https:\/\/lydiamillsmusica.com\/en\/wp-json\/wp\/v2\/comments?post=363"}],"version-history":[{"count":1,"href":"https:\/\/lydiamillsmusica.com\/en\/wp-json\/wp\/v2\/posts\/363\/revisions"}],"predecessor-version":[{"id":365,"href":"https:\/\/lydiamillsmusica.com\/en\/wp-json\/wp\/v2\/posts\/363\/revisions\/365"}],"wp:featuredmedia":[{"embeddable":true,"href":"https:\/\/lydiamillsmusica.com\/en\/wp-json\/wp\/v2\/media\/364"}],"wp:attachment":[{"href":"https:\/\/lydiamillsmusica.com\/en\/wp-json\/wp\/v2\/media?parent=363"}],"wp:term":[{"taxonomy":"category","embeddable":true,"href":"https:\/\/lydiamillsmusica.com\/en\/wp-json\/wp\/v2\/categories?post=363"},{"taxonomy":"post_tag","embeddable":true,"href":"https:\/\/lydiamillsmusica.com\/en\/wp-json\/wp\/v2\/tags?post=363"}],"curies":[{"name":"wp","href":"https:\/\/api.w.org\/{rel}","templated":true}]}}