{"id":216,"date":"2024-05-31T17:45:56","date_gmt":"2024-05-31T15:45:56","guid":{"rendered":"https:\/\/lydiamillsmusica.com\/?p=216"},"modified":"2024-05-31T17:46:20","modified_gmt":"2024-05-31T15:46:20","slug":"como-y-cuando-me-enamore-del-folklore-latinoamericano","status":"publish","type":"post","link":"https:\/\/lydiamillsmusica.com\/en\/como-y-cuando-me-enamore-del-folklore-latinoamericano\/","title":{"rendered":"How and when did I fall in love with Latin American Folklore?"},"content":{"rendered":"<p>From a Young age, my parents took me to La Pe\u00f1a Cultural Center in Berkeley, California where I grew up.<br>La Pe\u00f1a was founded by exiled Chileans in the 70\u2019s and they held many political, cultural, and artistic events. One Andean ensemble captured my dad\u2019s heart: Grupo Ra\u00edz\ud83c\udfb6.<\/p>\n\n\n\n<p>My dad eventually grew to know the Chilean community well through his leadership in the organization of the Longshoremen in their refusal to load military cargo de Pinochet in 1980. In this way, at six years old I came to know Chile, and the beautiful folk music traditions of Latin America.\ud83d\ude4c\ud83c\udffc\ud83c\udfbc<\/p>\n\n\n\n<p>Throughout my youth I was fascinated, even mesmerized by the Spanish language and the music of Latin America. Between the ages of 18 and 27 I studied Spanish and folk music in M\u00e9xico, Guatemala, Ecuador, Chile, Bolivia and Per\u00fa. For many years I played in an Andean ensemble. I also directed a Latin American ensemble for children and youth, \u201cLos Mapaches\u201d for thirteen years.\ud83e\udd9d\u2728<\/p>\n\n\n\n<p><a href=\"https:\/\/www.instagram.com\/explore\/tags\/canto\/\">#singing<\/a><a href=\"https:\/\/www.instagram.com\/explore\/tags\/kod%C3%A1ly\/\">#kod\u00e1ly<\/a><a href=\"https:\/\/www.instagram.com\/explore\/tags\/folklore\/\">#folklore<\/a><a href=\"https:\/\/www.instagram.com\/explore\/tags\/clases\/\">#clases<\/a><a href=\"https:\/\/www.instagram.com\/explore\/tags\/musica\/\">#music<\/a><\/p>","protected":false},"excerpt":{"rendered":"<p>Desde peque\u00f1a mis padres me llevaban a \u201cLa Pe\u00f1a Cultural Center,\u201d en Berkeley, California donde crec\u00ed.La Pe\u00f1a fue fundado por un grupo de chilenos exiliados y hubo muchos eventos sociopol\u00edticos, culturales, y art\u00edsticos. En particular, un conjunto musical chileno conquist\u00f3 el coraz\u00f3n de mi pap\u00e1: Grupo Ra\u00edz\ud83c\udfb6. Luego, el conoci\u00f3 m\u00e1s profundamente a la comunidad [&hellip;]<\/p>\n","protected":false},"author":1,"featured_media":218,"comment_status":"open","ping_status":"open","sticky":false,"template":"","format":"standard","meta":{"_acf_changed":false,"_jetpack_memberships_contains_paid_content":false,"footnotes":""},"categories":[1],"tags":[],"class_list":["post-216","post","type-post","status-publish","format-standard","has-post-thumbnail","hentry","category-sin-categoria"],"acf":[],"jetpack_featured_media_url":"https:\/\/lydiamillsmusica.com\/wp-content\/uploads\/2024\/05\/Omar-y-Lydia.png","jetpack_sharing_enabled":true,"_links":{"self":[{"href":"https:\/\/lydiamillsmusica.com\/en\/wp-json\/wp\/v2\/posts\/216","targetHints":{"allow":["GET"]}}],"collection":[{"href":"https:\/\/lydiamillsmusica.com\/en\/wp-json\/wp\/v2\/posts"}],"about":[{"href":"https:\/\/lydiamillsmusica.com\/en\/wp-json\/wp\/v2\/types\/post"}],"author":[{"embeddable":true,"href":"https:\/\/lydiamillsmusica.com\/en\/wp-json\/wp\/v2\/users\/1"}],"replies":[{"embeddable":true,"href":"https:\/\/lydiamillsmusica.com\/en\/wp-json\/wp\/v2\/comments?post=216"}],"version-history":[{"count":1,"href":"https:\/\/lydiamillsmusica.com\/en\/wp-json\/wp\/v2\/posts\/216\/revisions"}],"predecessor-version":[{"id":217,"href":"https:\/\/lydiamillsmusica.com\/en\/wp-json\/wp\/v2\/posts\/216\/revisions\/217"}],"wp:featuredmedia":[{"embeddable":true,"href":"https:\/\/lydiamillsmusica.com\/en\/wp-json\/wp\/v2\/media\/218"}],"wp:attachment":[{"href":"https:\/\/lydiamillsmusica.com\/en\/wp-json\/wp\/v2\/media?parent=216"}],"wp:term":[{"taxonomy":"category","embeddable":true,"href":"https:\/\/lydiamillsmusica.com\/en\/wp-json\/wp\/v2\/categories?post=216"},{"taxonomy":"post_tag","embeddable":true,"href":"https:\/\/lydiamillsmusica.com\/en\/wp-json\/wp\/v2\/tags?post=216"}],"curies":[{"name":"wp","href":"https:\/\/api.w.org\/{rel}","templated":true}]}}