{"id":1628,"date":"2025-03-10T23:40:45","date_gmt":"2025-03-10T22:40:45","guid":{"rendered":"https:\/\/lydiamillsmusica.com\/?p=1628"},"modified":"2025-03-10T23:40:47","modified_gmt":"2025-03-10T22:40:47","slug":"marzo-14-en-chez-mansour","status":"publish","type":"post","link":"https:\/\/lydiamillsmusica.com\/en\/marzo-14-en-chez-mansour\/","title":{"rendered":"Marzo 14 en Chez Mansour"},"content":{"rendered":"<p>Qu\u00e9 noche m\u00e1s especial, pasar el d\u00eda de San Valent\u00edn cantando con la comunidad de Chez Mansour! \ud83d\udc95 Lo pasamos s\u00faper bien cantando juntos canciones de amor y amistad. \ud83c\udfb6\u2728<\/p>\n\n\n\n<p>\ud83d\udcc5 Vengan a cantar conmigo el 14 de marzo! \u2014\u2014\u2014\u2014\u2014\u2014\u2014\u2014\u2014\u2014\u2014\u2014\u2014\u2014\u2014\u2014\u2014\u2014\u2014\u2014\u2014\u2014\u2014\u2014\u2014\u2014\u2014\u2014\u2014\u2014\u2014-<\/p>\n\n\n\n<p> \ud83c\udfb6 A special night at Chez Mansour \ud83c\udfb6 <\/p>\n\n\n\n<p>What a great night at Chez Mansour! \ud83d\udc96 Singing songs of friendship and love together with the Chez Mansour community on Valentine\u2019s Day was the best! \ud83c\udfa4\u2728 <\/p>\n\n\n\n<p>\ud83d\udcc5 Join me this month on March 14th, 7-9 pm!<\/p>\n\n\n\n<figure class=\"wp-block-video\"><video height=\"1920\" style=\"aspect-ratio: 1080 \/ 1920;\" width=\"1080\" controls src=\"https:\/\/lydiamillsmusica.com\/wp-content\/uploads\/2025\/03\/Noche-a-chez-mansour.mp4\"><\/video><\/figure>\n\n\n\n<p> #musicalatina #cancionesdelasamericas #conciertoenvivo #chezmansour #nochesdem\u00fasica #culturaytradici\u00f3n #lydiamillsmusica<\/p>","protected":false},"excerpt":{"rendered":"<p>Qu\u00e9 noche m\u00e1s especial, pasar el d\u00eda de San Valent\u00edn cantando con la comunidad de Chez Mansour! \ud83d\udc95 Lo pasamos s\u00faper bien cantando juntos canciones de amor y amistad. \ud83c\udfb6\u2728 \ud83d\udcc5 Vengan a cantar conmigo el 14 de marzo! \u2014\u2014\u2014\u2014\u2014\u2014\u2014\u2014\u2014\u2014\u2014\u2014\u2014\u2014\u2014\u2014\u2014\u2014\u2014\u2014\u2014\u2014\u2014\u2014\u2014\u2014\u2014\u2014\u2014\u2014\u2014- \ud83c\udfb6 A special night at Chez Mansour \ud83c\udfb6 What a great night at Chez Mansour! [&hellip;]<\/p>\n","protected":false},"author":3,"featured_media":1630,"comment_status":"open","ping_status":"open","sticky":false,"template":"","format":"standard","meta":{"_acf_changed":false,"_jetpack_memberships_contains_paid_content":false,"footnotes":""},"categories":[1],"tags":[],"class_list":["post-1628","post","type-post","status-publish","format-standard","has-post-thumbnail","hentry","category-sin-categoria"],"acf":[],"jetpack_featured_media_url":"https:\/\/lydiamillsmusica.com\/wp-content\/uploads\/2025\/03\/nocheespecialSanValentin.jpg","jetpack_sharing_enabled":true,"_links":{"self":[{"href":"https:\/\/lydiamillsmusica.com\/en\/wp-json\/wp\/v2\/posts\/1628","targetHints":{"allow":["GET"]}}],"collection":[{"href":"https:\/\/lydiamillsmusica.com\/en\/wp-json\/wp\/v2\/posts"}],"about":[{"href":"https:\/\/lydiamillsmusica.com\/en\/wp-json\/wp\/v2\/types\/post"}],"author":[{"embeddable":true,"href":"https:\/\/lydiamillsmusica.com\/en\/wp-json\/wp\/v2\/users\/3"}],"replies":[{"embeddable":true,"href":"https:\/\/lydiamillsmusica.com\/en\/wp-json\/wp\/v2\/comments?post=1628"}],"version-history":[{"count":1,"href":"https:\/\/lydiamillsmusica.com\/en\/wp-json\/wp\/v2\/posts\/1628\/revisions"}],"predecessor-version":[{"id":1631,"href":"https:\/\/lydiamillsmusica.com\/en\/wp-json\/wp\/v2\/posts\/1628\/revisions\/1631"}],"wp:featuredmedia":[{"embeddable":true,"href":"https:\/\/lydiamillsmusica.com\/en\/wp-json\/wp\/v2\/media\/1630"}],"wp:attachment":[{"href":"https:\/\/lydiamillsmusica.com\/en\/wp-json\/wp\/v2\/media?parent=1628"}],"wp:term":[{"taxonomy":"category","embeddable":true,"href":"https:\/\/lydiamillsmusica.com\/en\/wp-json\/wp\/v2\/categories?post=1628"},{"taxonomy":"post_tag","embeddable":true,"href":"https:\/\/lydiamillsmusica.com\/en\/wp-json\/wp\/v2\/tags?post=1628"}],"curies":[{"name":"wp","href":"https:\/\/api.w.org\/{rel}","templated":true}]}}