{"id":1620,"date":"2025-03-10T23:05:15","date_gmt":"2025-03-10T22:05:15","guid":{"rendered":"https:\/\/lydiamillsmusica.com\/?p=1620"},"modified":"2025-03-10T23:17:22","modified_gmt":"2025-03-10T22:17:22","slug":"el-uso-de-la-voz-como-primer-instrumento","status":"publish","type":"post","link":"https:\/\/lydiamillsmusica.com\/en\/el-uso-de-la-voz-como-primer-instrumento\/","title":{"rendered":"El uso de la voz como primer instrumento"},"content":{"rendered":"<p>La voz es nuestro primer instrumento y el \u00fanico que no ha sido fabricado por el hombre. Al cantar, nos conectamos de manera f\u00edsica, emocional, intelectual y espiritual a nuestro coraz\u00f3n y los corazones de otros. <\/p>\n\n\n\n<p>\ud83d\udcd6 Como dice Kod\u00e1ly: \u00abSi nosotros cantamos con frecuencia, sentiremos una gran felicidad con la m\u00fasica. Con nuestra actividad musical aprendemos a sentir el pulso, el ritmo y la forma mel\u00f3dica. El gozo que sentimos nos alienta a aprender a tocar instrumentos musicales y a escuchar otras obras musicales.\u00bb (Kod\u00e1ly, 1964)<\/p>\n\n\n\n<p> \u2014\u2014\u2014\u2014\u2014\u2014\u2014\u2014\u2014\u2014\u2014\u2014\u2014\u2014\u2014\u2014\u2014\u2014\u2014\u2014\u2014\u2014\u2014\u2014\u2014\u2014\u2014\u2014\u2014\u2014\u2014- <\/p>\n\n\n\n<p>The voice is our first instrument, and the only instrument not made by humans. Through singing, we connect physically, emotionally, intellectually, and spiritually to our hearts and the hearts of others. <\/p>\n\n\n\n<p>\ud83d\udcd6 As Kod\u00e1ly says: \u00abIf we ourselves sing often, this provides a deep experience of happiness in music. Through our own musical activities, we learn to know the pulsation, rhythm, and shape of melody. The enjoyment given encourages the study of instruments and the listening to other pieces of music as well.\u00bb (Kod\u00e1ly, 1964) <\/p>\n\n\n\n<figure class=\"wp-block-video\"><video height=\"1920\" style=\"aspect-ratio: 1080 \/ 1920;\" width=\"1080\" controls src=\"https:\/\/lydiamillsmusica.com\/wp-content\/uploads\/2025\/03\/primer_instrument.mp4\"><\/video><\/figure>\n\n\n\n<p>#lam\u00fasicaesvida #educaci\u00f3nmusical #kod\u00e1ly #cantemosjuntos #musicayemocion #vozesinstrumento #ense\u00f1anzamusical #primerinstrumento #lydiamillsmusica<\/p>\n\n\n\n<p><\/p>","protected":false},"excerpt":{"rendered":"<p>La voz es nuestro primer instrumento y el \u00fanico que no ha sido fabricado por el hombre. Al cantar, nos conectamos de manera f\u00edsica, emocional, intelectual y espiritual a nuestro coraz\u00f3n y los corazones de otros. \ud83d\udcd6 Como dice Kod\u00e1ly: \u00abSi nosotros cantamos con frecuencia, sentiremos una gran felicidad con la m\u00fasica. Con nuestra actividad [&hellip;]<\/p>\n","protected":false},"author":3,"featured_media":1622,"comment_status":"open","ping_status":"open","sticky":false,"template":"","format":"standard","meta":{"_acf_changed":false,"_jetpack_memberships_contains_paid_content":false,"footnotes":""},"categories":[1],"tags":[],"class_list":["post-1620","post","type-post","status-publish","format-standard","has-post-thumbnail","hentry","category-sin-categoria"],"acf":[],"jetpack_featured_media_url":"https:\/\/lydiamillsmusica.com\/wp-content\/uploads\/2025\/03\/primerinstrumento.jpg","jetpack_sharing_enabled":true,"_links":{"self":[{"href":"https:\/\/lydiamillsmusica.com\/en\/wp-json\/wp\/v2\/posts\/1620","targetHints":{"allow":["GET"]}}],"collection":[{"href":"https:\/\/lydiamillsmusica.com\/en\/wp-json\/wp\/v2\/posts"}],"about":[{"href":"https:\/\/lydiamillsmusica.com\/en\/wp-json\/wp\/v2\/types\/post"}],"author":[{"embeddable":true,"href":"https:\/\/lydiamillsmusica.com\/en\/wp-json\/wp\/v2\/users\/3"}],"replies":[{"embeddable":true,"href":"https:\/\/lydiamillsmusica.com\/en\/wp-json\/wp\/v2\/comments?post=1620"}],"version-history":[{"count":3,"href":"https:\/\/lydiamillsmusica.com\/en\/wp-json\/wp\/v2\/posts\/1620\/revisions"}],"predecessor-version":[{"id":1627,"href":"https:\/\/lydiamillsmusica.com\/en\/wp-json\/wp\/v2\/posts\/1620\/revisions\/1627"}],"wp:featuredmedia":[{"embeddable":true,"href":"https:\/\/lydiamillsmusica.com\/en\/wp-json\/wp\/v2\/media\/1622"}],"wp:attachment":[{"href":"https:\/\/lydiamillsmusica.com\/en\/wp-json\/wp\/v2\/media?parent=1620"}],"wp:term":[{"taxonomy":"category","embeddable":true,"href":"https:\/\/lydiamillsmusica.com\/en\/wp-json\/wp\/v2\/categories?post=1620"},{"taxonomy":"post_tag","embeddable":true,"href":"https:\/\/lydiamillsmusica.com\/en\/wp-json\/wp\/v2\/tags?post=1620"}],"curies":[{"name":"wp","href":"https:\/\/api.w.org\/{rel}","templated":true}]}}