{"id":1558,"date":"2024-12-03T23:07:47","date_gmt":"2024-12-03T22:07:47","guid":{"rendered":"https:\/\/lydiamillsmusica.com\/?p=1558"},"modified":"2024-12-03T23:32:40","modified_gmt":"2024-12-03T22:32:40","slug":"concierto-para-la-familia-los-mapaches","status":"publish","type":"post","link":"https:\/\/lydiamillsmusica.com\/en\/concierto-para-la-familia-los-mapaches\/","title":{"rendered":"Concert for the whole family \u2013 Los Mapaches"},"content":{"rendered":"<p>\ud83c\udf89 Come share with Los Mapaches at an interactive mini-concert for families! \ud83c\udfb6<\/p>\n\n\n\n<p>Listen to the rhythms of Colombian Cumbia, the deep winds of Peruvian zampo\u00f1as, and the joy of Ecuadorian San Juanito dance. \ud83c\udf0e\ud83d\udc83 The young musicians are excited to sing with you!<\/p>\n\n\n\n<p>\ud83c\udfa4 A concert for the whole family\n\ud83d\udccd La Pe\u00f1a Cultural Center, Lounge\n\ud83d\uddd3\ufe0f Saturday, Dec 7, 10:30 AM<\/p>\n\n\n\n<p><a href=\"https:\/\/www.instagram.com\/explore\/tags\/musica\/\">#Musica<\/a>\u00a0<a href=\"https:\/\/www.instagram.com\/explore\/tags\/concierto\/\">#Concierto<\/a>\u00a0<a href=\"https:\/\/www.instagram.com\/explore\/tags\/familias\/\">#Familias<\/a>\u00a0<a href=\"https:\/\/www.instagram.com\/explore\/tags\/culturafamiliar\/\">#Culturafamiliar<\/a>\u00a0<a href=\"https:\/\/www.instagram.com\/explore\/tags\/losmapaches\/\">#LosMapaches<\/a>\u00a0<a href=\"https:\/\/www.instagram.com\/explore\/tags\/musicos\/\">#Musicos<\/a>\u00a0<a href=\"https:\/\/www.instagram.com\/explore\/tags\/folklore\/\">#Folklore<\/a>\u00a0<a href=\"https:\/\/www.instagram.com\/explore\/tags\/lydiamills\/\">#LydiaMills<\/a><\/p>\n\n\n\n<p><\/p>","protected":false},"excerpt":{"rendered":"<p>\ud83c\udf89 \u00a1Vengan a compartir con Los Mapaches un mini-concierto interactivo para familias! \ud83c\udfb6 Escuchar\u00e1n los ritmos de la Cumbia Colombiana, los vientos profundos de las zampo\u00f1as de Per\u00fa, y la alegr\u00eda del baile San Juanito de Ecuador. \ud83c\udf0e\ud83d\udc83 \u00a1Los j\u00f3venes m\u00fasicos esperan cantar con ustedes! \ud83c\udfa4 Un concierto para toda la familia\ud83d\udccd La Pe\u00f1a Cultural [&hellip;]<\/p>\n","protected":false},"author":3,"featured_media":1562,"comment_status":"open","ping_status":"open","sticky":false,"template":"","format":"standard","meta":{"_acf_changed":false,"_jetpack_memberships_contains_paid_content":false,"footnotes":""},"categories":[1],"tags":[],"class_list":["post-1558","post","type-post","status-publish","format-standard","has-post-thumbnail","hentry","category-sin-categoria"],"acf":[],"jetpack_featured_media_url":"https:\/\/lydiamillsmusica.com\/wp-content\/uploads\/2024\/12\/conciertomapaches.jpg","jetpack_sharing_enabled":true,"_links":{"self":[{"href":"https:\/\/lydiamillsmusica.com\/en\/wp-json\/wp\/v2\/posts\/1558","targetHints":{"allow":["GET"]}}],"collection":[{"href":"https:\/\/lydiamillsmusica.com\/en\/wp-json\/wp\/v2\/posts"}],"about":[{"href":"https:\/\/lydiamillsmusica.com\/en\/wp-json\/wp\/v2\/types\/post"}],"author":[{"embeddable":true,"href":"https:\/\/lydiamillsmusica.com\/en\/wp-json\/wp\/v2\/users\/3"}],"replies":[{"embeddable":true,"href":"https:\/\/lydiamillsmusica.com\/en\/wp-json\/wp\/v2\/comments?post=1558"}],"version-history":[{"count":1,"href":"https:\/\/lydiamillsmusica.com\/en\/wp-json\/wp\/v2\/posts\/1558\/revisions"}],"predecessor-version":[{"id":1560,"href":"https:\/\/lydiamillsmusica.com\/en\/wp-json\/wp\/v2\/posts\/1558\/revisions\/1560"}],"wp:featuredmedia":[{"embeddable":true,"href":"https:\/\/lydiamillsmusica.com\/en\/wp-json\/wp\/v2\/media\/1562"}],"wp:attachment":[{"href":"https:\/\/lydiamillsmusica.com\/en\/wp-json\/wp\/v2\/media?parent=1558"}],"wp:term":[{"taxonomy":"category","embeddable":true,"href":"https:\/\/lydiamillsmusica.com\/en\/wp-json\/wp\/v2\/categories?post=1558"},{"taxonomy":"post_tag","embeddable":true,"href":"https:\/\/lydiamillsmusica.com\/en\/wp-json\/wp\/v2\/tags?post=1558"}],"curies":[{"name":"wp","href":"https:\/\/api.w.org\/{rel}","templated":true}]}}